{"id":12854,"date":"2022-09-20T13:38:08","date_gmt":"2022-09-20T11:38:08","guid":{"rendered":"https:\/\/visitvalsesiavercelli.it\/?post_type=press-tour&#038;p=12854"},"modified":"2026-04-06T11:59:36","modified_gmt":"2026-04-06T09:59:36","slug":"tournee-de-presse-pour-trekkin-magazin","status":"publish","type":"press-tour","link":"https:\/\/visitvalsesiavercelli.it\/fr\/scopri\/progetti-speciali\/press-tour\/tournee-de-presse-pour-trekkin-magazin\/","title":{"rendered":"TOURN\u00c9E DE PRESSE POUR TREKKIN MAGAZIN"},"content":{"rendered":"\n<div class=\"wp-block-cover alignfull is-light has-custom-content-position is-position-center-left hero\" style=\"min-height:650px;aspect-ratio:unset;\"><span aria-hidden=\"true\" class=\"wp-block-cover__background has-background-dim\"><\/span><img loading=\"lazy\" decoding=\"async\" width=\"1920\" height=\"1280\" class=\"wp-block-cover__image-background wp-image-4227\" alt=\"\" src=\"https:\/\/visitvalsesiavercelli.it\/wp-content\/uploads\/2022\/09\/press-tour-2.jpg\" style=\"object-position:54% 59%\" data-object-fit=\"cover\" data-object-position=\"54% 59%\" srcset=\"https:\/\/visitvalsesiavercelli.it\/wp-content\/uploads\/2022\/09\/press-tour-2.jpg 1920w, https:\/\/visitvalsesiavercelli.it\/wp-content\/uploads\/2022\/09\/press-tour-2-1000x667.jpg 1000w, https:\/\/visitvalsesiavercelli.it\/wp-content\/uploads\/2022\/09\/press-tour-2-1500x1000.jpg 1500w\" sizes=\"auto, (max-width: 1920px) 100vw, 1920px\" \/><div class=\"wp-block-cover__inner-container is-layout-flow wp-block-cover-is-layout-flow\">\n<div class=\"wp-block-group is-layout-flow wp-block-group-is-layout-flow\"><h1 style=\"text-transform:uppercase;\" class=\"wp-block-post-title has-text-color has-bianco-color\">TOURN\u00c9E DE PRESSE POUR TREKKIN MAGAZIN<\/h1><\/div>\n<\/div><\/div>\n\n\n\n<div class=\"wp-block-group alignfull breadcrumbs is-layout-flow wp-block-group-is-layout-flow\">\n<div class=\"wp-block-group d-flex is-layout-flow wp-block-group-is-layout-flow\">\n<p><a href=\"https:\/\/visitvalsesiavercelli.it\/fr\/\" data-type=\"page\" data-id=\"2\">Home<\/a><\/p>\n\n\n\n<p>Scopri<\/p>\n\n\n\n<p>Progetti speciali<\/p>\n\n\n\n<p><a href=\"https:\/\/visitvalsesiavercelli.it\/fr\/press-tour-e-iniziative-promozionali\/\">Press tour<\/a><\/p>\n\n\n<h6 class=\"wp-block-post-title has-text-color has-orange-color\">TOURN\u00c9E DE PRESSE POUR TREKKIN MAGAZIN<\/h6><\/div>\n<\/div>\n\n\n\n<div class=\"wp-block-group alignfull is-layout-flow wp-block-group-is-layout-flow\">\n<div class=\"wp-block-group intro-esperienze is-layout-constrained wp-container-core-group-is-layout-02dd29b2 wp-block-group-is-layout-constrained\" style=\"padding-top:70px;padding-bottom:70px\">\n<h2 class=\"has-text-align-center has-text-color wp-block-heading\" style=\"color:#2d3429;text-transform:uppercase\">TOURN\u00c9E DE PRESSE POUR <mark style=\"background-color:rgba(0, 0, 0, 0)\" class=\"has-inline-color has-giallo-color\">trekkin magazin <\/mark><\/h2>\n<\/div>\n<\/div>\n\n\n\n<div class=\"wp-block-group alignfull has-bianco-color has-text-color has-background is-layout-flow wp-block-group-is-layout-flow\" style=\"background-color:#3d4d34;padding-top:40px\">\n<div class=\"wp-block-group is-layout-constrained wp-container-core-group-is-layout-57345300 wp-block-group-is-layout-constrained\">\n<div class=\"wp-block-columns gap-mobile is-layout-flex wp-container-core-columns-is-layout-4a048b8d wp-block-columns-is-layout-flex\">\n<div class=\"wp-block-column is-layout-flow wp-block-column-is-layout-flow\" style=\"flex-basis:150px\">\n<figure class=\"wp-block-image size-full is-style-border\"><img loading=\"lazy\" decoding=\"async\" width=\"1081\" height=\"720\" src=\"https:\/\/visitvalsesiavercelli.it\/wp-content\/uploads\/2022\/10\/dieter-iris.jpg\" alt=\"\" class=\"wp-image-5368\" srcset=\"https:\/\/visitvalsesiavercelli.it\/wp-content\/uploads\/2022\/10\/dieter-iris.jpg 1081w, https:\/\/visitvalsesiavercelli.it\/wp-content\/uploads\/2022\/10\/dieter-iris-1000x666.jpg 1000w\" sizes=\"auto, (max-width: 1081px) 100vw, 1081px\" \/><\/figure>\n\n\n\n<p class=\"has-text-align-center has-giallo-color has-text-color has-size-22-font-size\"><strong><em>Iris K\u00fcrschner et Dieter Haas<\/em><\/strong><\/p>\n<\/div>\n\n\n\n<div class=\"wp-block-column is-layout-flow wp-block-column-is-layout-flow\">\n<h3 class=\"has-giallo-color has-text-color wp-block-heading\" style=\"font-size:26px;text-transform:uppercase\">PROJET<\/h3>\n\n\n\n<p style=\"font-size:20px\">Iris et Dieter, respectivement suisse et autrichien, travaillent en parfaite harmonie tant pour la photo que pour la r\u00e9daction. Ils voyagent tout au long de l&rsquo;ann\u00e9e pour d\u00e9couvrir des r\u00e9gions alpines et des sentiers \u00e0 l\u2019\u00e9cart des circuits touristiques habituels, et d\u00e9nicher des itin\u00e9raires moins connus, mais tout aussi s\u00e9duisants.<\/p>\n\n\n\n<p style=\"font-size:20px\">Pour le num\u00e9ro de l&rsquo;\u00e9t\u00e9 2022 du magazine allemand Trekking Magazin, les deux reporters ont explor\u00e9 la Valsesia en se concentrant sur la Grande Travers\u00e9e des Alpes. Ils expliquent comment l&rsquo;aborder en toute s\u00e9curit\u00e9 et pr\u00e9sentent les meilleurs sites d\u2019appui\/de repos, pour profiter pleinement de cette merveilleuse exp\u00e9rience de randonn\u00e9e.<\/p>\n<\/div>\n\n\n\n<div class=\"wp-block-column is-layout-flow wp-block-column-is-layout-flow\">\n<h3 class=\"has-giallo-color has-text-color wp-block-heading\" style=\"font-size:26px;text-transform:uppercase\">ITIN\u00c9RAIRE<\/h3>\n\n\n\n<p style=\"font-size:20px\">Les deux reporters ont suivi la GTA \u00e0 travers certains des plus s\u00e9duisants villages walser de la Valsesia (en 2018, ils avaient d\u00e9j\u00e0 voyag\u00e9 dans les montagnes de la Valsesia pour une autre publication, <em>Der Outdoor Magazin<\/em>).<br><br>Leur itin\u00e9raire commence par la d\u00e9couverte de Rimella, pour se diriger vers la merveilleuse Alpe Selle, \u00e0 Fobello, puis vers le Colle d&rsquo;Egua, o\u00f9 les randonneurs pourront assister \u00e0 l\u2019incroyable exp\u00e9rience qu\u2019est le lever du soleil encadrant le mont Rose. Cette partie de la travers\u00e9e s\u2019ach\u00e8ve \u00e0 Rima.<\/p>\n<\/div>\n<\/div>\n<\/div>\n<\/div>\n\n\n    <section class=\"galleria-orizzontale\">\n        <div class=\"align\">\n                            <div class=\"swiper\">\n                    <div class=\"swiper-wrapper\">\n                                                    <div class=\"swiper-slide\">\n                                <div class=\"wp-block-image\">\n                                    <img loading=\"lazy\" decoding=\"async\" width=\"1000\" height=\"646\" src=\"https:\/\/visitvalsesiavercelli.it\/wp-content\/uploads\/2022\/10\/Trekking-Magazin-8-2022_Walserweg-Piemont-1_page-0001-1000x646.jpg\" class=\"attachment-galleria size-galleria\" alt=\"\" srcset=\"https:\/\/visitvalsesiavercelli.it\/wp-content\/uploads\/2022\/10\/Trekking-Magazin-8-2022_Walserweg-Piemont-1_page-0001-1000x646.jpg 1000w, https:\/\/visitvalsesiavercelli.it\/wp-content\/uploads\/2022\/10\/Trekking-Magazin-8-2022_Walserweg-Piemont-1_page-0001-1500x968.jpg 1500w\" sizes=\"auto, (max-width: 1000px) 100vw, 1000px\" \/>                                <\/div>\n                                                            <\/div>\n                                                    <div class=\"swiper-slide\">\n                                <div class=\"wp-block-image\">\n                                    <img loading=\"lazy\" decoding=\"async\" width=\"1000\" height=\"646\" src=\"https:\/\/visitvalsesiavercelli.it\/wp-content\/uploads\/2022\/10\/Trekking-Magazin-8-2022_Walserweg-Piemont-2_page-0001-1000x646.jpg\" class=\"attachment-galleria size-galleria\" alt=\"\" srcset=\"https:\/\/visitvalsesiavercelli.it\/wp-content\/uploads\/2022\/10\/Trekking-Magazin-8-2022_Walserweg-Piemont-2_page-0001-1000x646.jpg 1000w, https:\/\/visitvalsesiavercelli.it\/wp-content\/uploads\/2022\/10\/Trekking-Magazin-8-2022_Walserweg-Piemont-2_page-0001-1500x968.jpg 1500w\" sizes=\"auto, (max-width: 1000px) 100vw, 1000px\" \/>                                <\/div>\n                                                            <\/div>\n                                                    <div class=\"swiper-slide\">\n                                <div class=\"wp-block-image\">\n                                    <img loading=\"lazy\" decoding=\"async\" width=\"1000\" height=\"646\" src=\"https:\/\/visitvalsesiavercelli.it\/wp-content\/uploads\/2022\/10\/Trekking-Magazin-8-2022_Walserweg-Piemont-3_page-0001-1000x646.jpg\" class=\"attachment-galleria size-galleria\" alt=\"\" srcset=\"https:\/\/visitvalsesiavercelli.it\/wp-content\/uploads\/2022\/10\/Trekking-Magazin-8-2022_Walserweg-Piemont-3_page-0001-1000x646.jpg 1000w, https:\/\/visitvalsesiavercelli.it\/wp-content\/uploads\/2022\/10\/Trekking-Magazin-8-2022_Walserweg-Piemont-3_page-0001-1500x968.jpg 1500w\" sizes=\"auto, (max-width: 1000px) 100vw, 1000px\" \/>                                <\/div>\n                                                            <\/div>\n                                                    <div class=\"swiper-slide\">\n                                <div class=\"wp-block-image\">\n                                    <img loading=\"lazy\" decoding=\"async\" width=\"1000\" height=\"646\" src=\"https:\/\/visitvalsesiavercelli.it\/wp-content\/uploads\/2022\/10\/Trekking-Magazin-8-2022_Walserweg-Piemont-5_page-0001-1000x646.jpg\" class=\"attachment-galleria size-galleria\" alt=\"\" srcset=\"https:\/\/visitvalsesiavercelli.it\/wp-content\/uploads\/2022\/10\/Trekking-Magazin-8-2022_Walserweg-Piemont-5_page-0001-1000x646.jpg 1000w, https:\/\/visitvalsesiavercelli.it\/wp-content\/uploads\/2022\/10\/Trekking-Magazin-8-2022_Walserweg-Piemont-5_page-0001-1500x968.jpg 1500w\" sizes=\"auto, (max-width: 1000px) 100vw, 1000px\" \/>                                <\/div>\n                                                            <\/div>\n                                                    <div class=\"swiper-slide\">\n                                <div class=\"wp-block-image\">\n                                    <img loading=\"lazy\" decoding=\"async\" width=\"1000\" height=\"646\" src=\"https:\/\/visitvalsesiavercelli.it\/wp-content\/uploads\/2022\/10\/Trekking-Magazin-8-2022_Walserweg-Piemont-4_page-0001-1000x646.jpg\" class=\"attachment-galleria size-galleria\" alt=\"\" srcset=\"https:\/\/visitvalsesiavercelli.it\/wp-content\/uploads\/2022\/10\/Trekking-Magazin-8-2022_Walserweg-Piemont-4_page-0001-1000x646.jpg 1000w, https:\/\/visitvalsesiavercelli.it\/wp-content\/uploads\/2022\/10\/Trekking-Magazin-8-2022_Walserweg-Piemont-4_page-0001-1500x968.jpg 1500w\" sizes=\"auto, (max-width: 1000px) 100vw, 1000px\" \/>                                <\/div>\n                                                            <\/div>\n                                            <\/div>\n                    <div class=\"swiper-buttons\">\n                        <div class=\"swiper-button-prev\"><\/div>\n                        <div class=\"swiper-button-next\"><\/div>\n                    <\/div>\n                <\/div>\n                    <\/div>\n    <\/section>","protected":false},"featured_media":10518,"template":"","class_list":["post-12854","press-tour","type-press-tour","status-publish","has-post-thumbnail","hentry"],"acf":[],"_links":{"self":[{"href":"https:\/\/visitvalsesiavercelli.it\/fr\/wp-json\/wp\/v2\/press-tour\/12854","targetHints":{"allow":["GET"]}}],"collection":[{"href":"https:\/\/visitvalsesiavercelli.it\/fr\/wp-json\/wp\/v2\/press-tour"}],"about":[{"href":"https:\/\/visitvalsesiavercelli.it\/fr\/wp-json\/wp\/v2\/types\/press-tour"}],"wp:featuredmedia":[{"embeddable":true,"href":"https:\/\/visitvalsesiavercelli.it\/fr\/wp-json\/wp\/v2\/media\/10518"}],"wp:attachment":[{"href":"https:\/\/visitvalsesiavercelli.it\/fr\/wp-json\/wp\/v2\/media?parent=12854"}],"curies":[{"name":"wp","href":"https:\/\/api.w.org\/{rel}","templated":true}]}}